{"id":50843,"date":"2020-07-25T12:28:58","date_gmt":"2020-07-25T10:28:58","guid":{"rendered":"https:\/\/garrods.es\/?p=50843"},"modified":"2020-07-27T18:33:35","modified_gmt":"2020-07-27T16:33:35","slug":"lloguer-doficines-a-placa-europa","status":"publish","type":"post","link":"https:\/\/garrods.es\/ca\/lloguer-doficines-a-placa-europa\/","title":{"rendered":"Lloguer d&#8217;oficines a Pla\u00e7a Europa"},"content":{"rendered":"<p>Est\u00e0s buscant una <a href=\"https:\/\/garrods.es\/properties-search\/?location=placa-europa\">oficina a lloguer a Pla\u00e7a Europa<\/a>? La <strong>Pla\u00e7a d&#8217;Europa<\/strong> es troba al centre de el districte econ\u00f2mic Granvia l&#8217;Hospitalet, a la banda de Barcelona. Amb vint-i-torres i set edificis complementaris, ofereix una combinaci\u00f3 d&#8217;usos variats: habitatge lliure i protegit, oficines, hotels i equipaments.<\/p>\n<p>En Garrods podem oferir-te una \u00e0mplia varietat d&#8217;oficines a Pla\u00e7a Europa i si no trobes el que busques entre les oficines de qu\u00e8 disposem en el nostre cat\u00e0leg, posa&#8217;t en contacte amb nosaltres i t&#8217;ajudarem a trobar l&#8217;oficina que est\u00e0s buscant.<\/p>\n<p>Situada aproxim\u00e1damente a mig cam\u00ed entre el centre i l&#8217;aeroport de la ciutat de Barcelona, \u200b\u200bla Pla\u00e7a Europa es perfila com un centre de negocis important, a nivell d&#8217;Europa.<\/p>\n<p>La <strong>pla\u00e7a d&#8217;Europa (en catal\u00e0 pla\u00e7a d&#8217;Europa), \u00e9s una pla\u00e7a situada a l&#8217;Hospitalet de Llobregat (Barcelona)<\/strong>, Espanya, que ser\u00e0 el centre de el districte econ\u00f2mic de l&#8217;Hospitalet. Aquesta, t\u00e9 al seu voltant edificis d&#8217;arquitectes com<strong> Toyo Ito<\/strong>, oficines, hotels i una estaci\u00f3 de Ferrocarrils de la Generalitat de Catalunya anomenada Europa-Fira.<\/p>\n<p>Aquest nou districte de negocis es troba a m\u00e9s en les rodalies de la Fira de Barcelona, \u200b\u200bque despr\u00e9s del proc\u00e9s d&#8217;ampliaci\u00f3 que s&#8217;est\u00e0 duent a terme, es convertir\u00e0 en la segona fira d&#8217;exposicions m\u00e9s gran d&#8217;Europa. A prop de la pla\u00e7a hi ha el centre comercial Gran Via 2 i IKEA.<\/p>\n<p>Sobre el seu disseny, est\u00e0 pla\u00e7a t\u00e9 un disseny futurista, incloent la Torre Realia BCN i l&#8217;Hotel Porta Fira (Toyo Ito i Ferm\u00edn V\u00e1zquez Huarte-Mendicoa), la Torre Inbisa (Nicanor Garc\u00eda), Torres residencials (Alonso i Balaguer), l&#8217;edifici Copisa (Oscar Tusquets), l&#8217;hotel Catalonia (Jean Nouvel), etc.<\/p>\n<h2>Trobem la teva oficina a Barcelona<\/h2>\n<p>En Garrods oferim el nostre saber fer com a partner immobiliari estrat\u00e8gic i assessorem als clients tant privats com institucionals en processos de cercar seu per les seves oficines a la ciutat de Barcelona.<\/p>\n<p>Barcelona \u00e9s una de les ciutats m\u00e9s importants d&#8217;Europa per emprendre i fer negocis gr\u00e0cies a una llarga tradici\u00f3 empresarial i comercial. La ciutat genera i atrau emprenedors locals i estrangers, i s&#8217;est\u00e0 consolidant com un centre europeu per a la creaci\u00f3 d&#8217;empreses.<\/p>\n<p>Els governs locals promocionen l&#8217;activitat econ\u00f2mica mitjan\u00e7ant un marc d&#8217;actuaci\u00f3 estable i totalment business friendly que potencia el creixement econ\u00f2mic.<\/p>\n<p>A m\u00e9s, destaca la creaci\u00f3 de cl\u00fasters d&#8217;empreses en els sectors m\u00e9s avan\u00e7ats, com les tecnologies de la informaci\u00f3 i la comunicaci\u00f3 (TIC), els media, la biotecnologia, l&#8217;energia, el disseny, les ci\u00e8ncies socials, l&#8217;aeron\u00e0utica, l&#8217;aeroespacial i la mobilitat.<\/p>\n<h2>Bona connexi\u00f3 amb l&#8217;exterior<\/h2>\n<p>Barcelona \u00e9s l&#8217;\u00fanica ciutat de sud d&#8217;Europa que a el mateix temps t\u00e9 un dels majors ports de la Mediterr\u00e0nia, una estaci\u00f3 de tren d&#8217;alta velocitat, un aeroport internacional, una xarxa d&#8217;autopistes connectades a la xarxa europea, el segon recinte firal m\u00e9s gran d&#8217;Europa (Fira de Barcelona) i una de les zones log\u00edstiques m\u00e9s importants de sud de el continent.<\/p>\n<p>Garrods \u00e9s una de les immobili\u00e0ries corporatives m\u00e9s importants i amb m\u00e9s tradici\u00f3 de la ciutat de Barcelona.<\/p>\n<p>Si est\u00e0s buscant una <a href=\"https:\/\/garrods.es\/properties-search\/?location=placa-europa\">oficina a lloguer a la Pla\u00e7a Europa<\/a>, pots comptar amb un expert immobiliari corporatiu com <strong>Garrods<\/strong>, amb tota l&#8217;experi\u00e8ncia i totes les garanties, posa&#8217;t en contacte amb Garrods i et donarem m\u00e9s motius perqu\u00e8 ens tries.<\/p>\n\n<div class=\"wpcf7 no-js\" id=\"wpcf7-f27033-o1\" lang=\"es-ES\" dir=\"ltr\" data-wpcf7-id=\"27033\">\n<div class=\"screen-reader-response\"><p role=\"status\" aria-live=\"polite\" aria-atomic=\"true\"><\/p> <ul><\/ul><\/div>\n<form action=\"\/ca\/wp-json\/wp\/v2\/posts\/50843#wpcf7-f27033-o1\" method=\"post\" class=\"wpcf7-form init\" aria-label=\"Formulario de contacto\" novalidate=\"novalidate\" data-status=\"init\">\n<fieldset class=\"hidden-fields-container\"><input type=\"hidden\" name=\"_wpcf7\" value=\"27033\" \/><input type=\"hidden\" name=\"_wpcf7_version\" value=\"6.1.5\" \/><input type=\"hidden\" name=\"_wpcf7_locale\" value=\"es_ES\" \/><input type=\"hidden\" name=\"_wpcf7_unit_tag\" value=\"wpcf7-f27033-o1\" \/><input type=\"hidden\" name=\"_wpcf7_container_post\" value=\"0\" \/><input type=\"hidden\" name=\"_wpcf7_posted_data_hash\" value=\"\" \/><input type=\"hidden\" name=\"_wpcf7_recaptcha_response\" value=\"\" \/>\n<\/fieldset>\n<p><label> Nom i cognoms (requerido)<br \/>\n<span class=\"wpcf7-form-control-wrap\" data-name=\"your-name\"><input size=\"40\" maxlength=\"400\" class=\"wpcf7-form-control wpcf7-text wpcf7-validates-as-required\" aria-required=\"true\" aria-invalid=\"false\" placeholder=\"Introdueixi el nom\" value=\"\" type=\"text\" name=\"your-name\" \/><\/span> <\/label>\n<\/p>\n<p><label> Tel\u00e8fon (requerido)<br \/>\n<span class=\"wpcf7-form-control-wrap\" data-name=\"tel-458\"><input size=\"40\" maxlength=\"400\" class=\"wpcf7-form-control wpcf7-tel wpcf7-validates-as-required wpcf7-text wpcf7-validates-as-tel\" aria-required=\"true\" aria-invalid=\"false\" placeholder=\"Introdueixi el tel\u00e8fon\" value=\"\" type=\"tel\" name=\"tel-458\" \/><\/span><\/label>\n<\/p>\n<p><label>Adre\u00e7a electr\u00f2nica (requerido)<br \/>\n<span class=\"wpcf7-form-control-wrap\" data-name=\"your-email\"><input size=\"40\" maxlength=\"400\" class=\"wpcf7-form-control wpcf7-email wpcf7-validates-as-required wpcf7-text wpcf7-validates-as-email\" aria-required=\"true\" aria-invalid=\"false\" placeholder=\"Introdueixi l\u2019adre\u00e7a electr\u00f2nica\" value=\"\" type=\"email\" name=\"your-email\" \/><\/span> <\/label>\n<\/p>\n<p><label>Nom de l'empresa (requerido)<br \/>\n<span class=\"wpcf7-form-control-wrap\" data-name=\"your-empresa\"><input size=\"40\" maxlength=\"400\" class=\"wpcf7-form-control wpcf7-text wpcf7-validates-as-required\" aria-required=\"true\" aria-invalid=\"false\" placeholder=\"Introdueixi el nom de l&#039;empresa\" value=\"\" type=\"text\" name=\"your-empresa\" \/><\/span> <\/label>\n<\/p>\n<p><label>Missatge<br \/>\n<span class=\"wpcf7-form-control-wrap\" data-name=\"your-message\"><textarea cols=\"40\" rows=\"10\" maxlength=\"2000\" class=\"wpcf7-form-control wpcf7-textarea\" aria-invalid=\"false\" placeholder=\"Introdueixi el missatge\" name=\"your-message\"><\/textarea><\/span> <\/label>\n<\/p>\n<div>\n\n\t<p><span class=\"wpcf7-form-control-wrap\" data-name=\"acepta-politica\"><span class=\"wpcf7-form-control wpcf7-acceptance\"><span class=\"wpcf7-list-item\"><label><input type=\"checkbox\" name=\"acepta-politica\" value=\"1\" aria-invalid=\"false\" \/><span class=\"wpcf7-list-item-label\"><a style=\"font-size:14px;max-width:200px; color:#666;\" href=\"\/proteccion-y-tratamiento-de-datos\/\" target=\"_blank\"> He llegit i accepto la <strong> Pol\u00edtica de Privacitat <\/strong> <\/a><\/span><\/label><\/span><\/span><\/span>\n\t<\/p>\n<\/div>\n<p><input class=\"wpcf7-form-control wpcf7-submit has-spinner\" type=\"submit\" value=\"Enviar\" \/>\n<\/p><p style=\"display: none !important;\" class=\"akismet-fields-container\" data-prefix=\"_wpcf7_ak_\"><label>&#916;<textarea name=\"_wpcf7_ak_hp_textarea\" cols=\"45\" rows=\"8\" maxlength=\"100\"><\/textarea><\/label><input type=\"hidden\" id=\"ak_js_1\" name=\"_wpcf7_ak_js\" value=\"110\"\/><script>document.getElementById( \"ak_js_1\" ).setAttribute( \"value\", ( new Date() ).getTime() );<\/script><\/p><div class=\"wpcf7-response-output\" aria-hidden=\"true\"><\/div>\n<\/form>\n<\/div>\n\n","protected":false},"excerpt":{"rendered":"<p>Est\u00e0s buscant una oficina a lloguer a Pla\u00e7a Europa? La Pla\u00e7a d&#8217;Europa es troba al centre de el districte econ\u00f2mic Granvia l&#8217;Hospitalet, a la banda de Barcelona. Amb vint-i-torres i set edificis complementaris, ofereix una combinaci\u00f3 d&#8217;usos variats: habitatge lliure i protegit, oficines, hotels i equipaments. En Garrods podem oferir-te una \u00e0mplia varietat d&#8217;oficines a&#8230;<\/p>\n","protected":false},"author":3,"featured_media":50826,"comment_status":"closed","ping_status":"open","sticky":false,"template":"","format":"standard","meta":{"footnotes":""},"categories":[3189],"tags":[],"class_list":["post-50843","post","type-post","status-publish","format-standard","has-post-thumbnail","hentry","category-landing"],"yoast_head":"<!-- This site is optimized with the Yoast SEO plugin v27.2 - https:\/\/yoast.com\/product\/yoast-seo-wordpress\/ -->\n<title>Lloguer d&#039;oficines a Pla\u00e7a Europa - Garrods Real Estate<\/title>\n<meta name=\"robots\" content=\"index, follow, max-snippet:-1, max-image-preview:large, max-video-preview:-1\" \/>\n<link rel=\"canonical\" href=\"https:\/\/garrods.es\/alquiler-de-oficinas-en-placa-europa\/\" \/>\n<meta property=\"og:locale\" content=\"ca_ES\" \/>\n<meta property=\"og:type\" content=\"article\" \/>\n<meta property=\"og:title\" content=\"Lloguer d&#039;oficines a Pla\u00e7a Europa - Garrods Real Estate\" \/>\n<meta property=\"og:description\" content=\"Est\u00e0s buscant una oficina a lloguer a Pla\u00e7a Europa? La Pla\u00e7a d&#8217;Europa es troba al centre de el districte econ\u00f2mic Granvia l&#8217;Hospitalet, a la banda de Barcelona. Amb vint-i-torres i set edificis complementaris, ofereix una combinaci\u00f3 d&#8217;usos variats: habitatge lliure i protegit, oficines, hotels i equipaments. En Garrods podem oferir-te una \u00e0mplia varietat d&#8217;oficines a...\" \/>\n<meta property=\"og:url\" content=\"https:\/\/garrods.es\/alquiler-de-oficinas-en-placa-europa\/\" \/>\n<meta property=\"og:site_name\" content=\"Garrods Real Estate\" \/>\n<meta property=\"article:published_time\" content=\"2020-07-25T10:28:58+00:00\" \/>\n<meta property=\"article:modified_time\" content=\"2020-07-27T16:33:35+00:00\" \/>\n<meta property=\"og:image\" content=\"https:\/\/garrods.es\/wp-content\/uploads\/2020\/07\/plaza-europa.jpg\" \/>\n\t<meta property=\"og:image:width\" content=\"1280\" \/>\n\t<meta property=\"og:image:height\" content=\"917\" \/>\n\t<meta property=\"og:image:type\" content=\"image\/jpeg\" \/>\n<meta name=\"author\" content=\"Flandecoco\" \/>\n<meta name=\"twitter:card\" content=\"summary_large_image\" \/>\n<meta name=\"twitter:label1\" content=\"Escrit per\" \/>\n\t<meta name=\"twitter:data1\" content=\"Flandecoco\" \/>\n\t<meta name=\"twitter:label2\" content=\"Temps estimat de lectura\" \/>\n\t<meta name=\"twitter:data2\" content=\"3 minuts\" \/>\n<script type=\"application\/ld+json\" class=\"yoast-schema-graph\">{\"@context\":\"https:\/\/schema.org\",\"@graph\":[{\"@type\":\"Article\",\"@id\":\"https:\/\/garrods.es\/alquiler-de-oficinas-en-placa-europa\/#article\",\"isPartOf\":{\"@id\":\"https:\/\/garrods.es\/alquiler-de-oficinas-en-placa-europa\/\"},\"author\":{\"name\":\"Flandecoco\",\"@id\":\"https:\/\/garrods.es\/#\/schema\/person\/b1c4c3a4f90b05cad70d6c7539807c5f\"},\"headline\":\"Lloguer d&#8217;oficines a Pla\u00e7a Europa\",\"datePublished\":\"2020-07-25T10:28:58+00:00\",\"dateModified\":\"2020-07-27T16:33:35+00:00\",\"mainEntityOfPage\":{\"@id\":\"https:\/\/garrods.es\/alquiler-de-oficinas-en-placa-europa\/\"},\"wordCount\":622,\"image\":{\"@id\":\"https:\/\/garrods.es\/alquiler-de-oficinas-en-placa-europa\/#primaryimage\"},\"thumbnailUrl\":\"https:\/\/garrods.es\/wp-content\/uploads\/2020\/07\/plaza-europa.jpg\",\"articleSection\":[\"landing\"],\"inLanguage\":\"ca\"},{\"@type\":\"WebPage\",\"@id\":\"https:\/\/garrods.es\/alquiler-de-oficinas-en-placa-europa\/\",\"url\":\"https:\/\/garrods.es\/alquiler-de-oficinas-en-placa-europa\/\",\"name\":\"Lloguer d'oficines a Pla\u00e7a Europa - Garrods Real Estate\",\"isPartOf\":{\"@id\":\"https:\/\/garrods.es\/#website\"},\"primaryImageOfPage\":{\"@id\":\"https:\/\/garrods.es\/alquiler-de-oficinas-en-placa-europa\/#primaryimage\"},\"image\":{\"@id\":\"https:\/\/garrods.es\/alquiler-de-oficinas-en-placa-europa\/#primaryimage\"},\"thumbnailUrl\":\"https:\/\/garrods.es\/wp-content\/uploads\/2020\/07\/plaza-europa.jpg\",\"datePublished\":\"2020-07-25T10:28:58+00:00\",\"dateModified\":\"2020-07-27T16:33:35+00:00\",\"author\":{\"@id\":\"https:\/\/garrods.es\/#\/schema\/person\/b1c4c3a4f90b05cad70d6c7539807c5f\"},\"breadcrumb\":{\"@id\":\"https:\/\/garrods.es\/alquiler-de-oficinas-en-placa-europa\/#breadcrumb\"},\"inLanguage\":\"ca\",\"potentialAction\":[{\"@type\":\"ReadAction\",\"target\":[\"https:\/\/garrods.es\/alquiler-de-oficinas-en-placa-europa\/\"]}]},{\"@type\":\"ImageObject\",\"inLanguage\":\"ca\",\"@id\":\"https:\/\/garrods.es\/alquiler-de-oficinas-en-placa-europa\/#primaryimage\",\"url\":\"https:\/\/garrods.es\/wp-content\/uploads\/2020\/07\/plaza-europa.jpg\",\"contentUrl\":\"https:\/\/garrods.es\/wp-content\/uploads\/2020\/07\/plaza-europa.jpg\",\"width\":1280,\"height\":917},{\"@type\":\"BreadcrumbList\",\"@id\":\"https:\/\/garrods.es\/alquiler-de-oficinas-en-placa-europa\/#breadcrumb\",\"itemListElement\":[{\"@type\":\"ListItem\",\"position\":1,\"name\":\"Portada\",\"item\":\"https:\/\/garrods.es\/ca\/\"},{\"@type\":\"ListItem\",\"position\":2,\"name\":\"Lloguer d&#8217;oficines a Pla\u00e7a Europa\"}]},{\"@type\":\"WebSite\",\"@id\":\"https:\/\/garrods.es\/#website\",\"url\":\"https:\/\/garrods.es\/\",\"name\":\"Garrods Real Estate\",\"description\":\"Alquiler y venta de oficinas en Barcelona\",\"potentialAction\":[{\"@type\":\"SearchAction\",\"target\":{\"@type\":\"EntryPoint\",\"urlTemplate\":\"https:\/\/garrods.es\/?s={search_term_string}\"},\"query-input\":{\"@type\":\"PropertyValueSpecification\",\"valueRequired\":true,\"valueName\":\"search_term_string\"}}],\"inLanguage\":\"ca\"},{\"@type\":\"Person\",\"@id\":\"https:\/\/garrods.es\/#\/schema\/person\/b1c4c3a4f90b05cad70d6c7539807c5f\",\"name\":\"Flandecoco\",\"image\":{\"@type\":\"ImageObject\",\"inLanguage\":\"ca\",\"@id\":\"https:\/\/secure.gravatar.com\/avatar\/0cc4509edd81fc2d2546b4d829884d6856ab1aac7eeb73fddf8c088f33e31583?s=96&d=mm&r=g\",\"url\":\"https:\/\/secure.gravatar.com\/avatar\/0cc4509edd81fc2d2546b4d829884d6856ab1aac7eeb73fddf8c088f33e31583?s=96&d=mm&r=g\",\"contentUrl\":\"https:\/\/secure.gravatar.com\/avatar\/0cc4509edd81fc2d2546b4d829884d6856ab1aac7eeb73fddf8c088f33e31583?s=96&d=mm&r=g\",\"caption\":\"Flandecoco\"},\"url\":\"https:\/\/garrods.es\/ca\/author\/flandecoco\/\"}]}<\/script>\n<!-- \/ Yoast SEO plugin. -->","yoast_head_json":{"title":"Lloguer d'oficines a Pla\u00e7a Europa - Garrods Real Estate","robots":{"index":"index","follow":"follow","max-snippet":"max-snippet:-1","max-image-preview":"max-image-preview:large","max-video-preview":"max-video-preview:-1"},"canonical":"https:\/\/garrods.es\/alquiler-de-oficinas-en-placa-europa\/","og_locale":"ca_ES","og_type":"article","og_title":"Lloguer d'oficines a Pla\u00e7a Europa - Garrods Real Estate","og_description":"Est\u00e0s buscant una oficina a lloguer a Pla\u00e7a Europa? La Pla\u00e7a d&#8217;Europa es troba al centre de el districte econ\u00f2mic Granvia l&#8217;Hospitalet, a la banda de Barcelona. Amb vint-i-torres i set edificis complementaris, ofereix una combinaci\u00f3 d&#8217;usos variats: habitatge lliure i protegit, oficines, hotels i equipaments. En Garrods podem oferir-te una \u00e0mplia varietat d&#8217;oficines a...","og_url":"https:\/\/garrods.es\/alquiler-de-oficinas-en-placa-europa\/","og_site_name":"Garrods Real Estate","article_published_time":"2020-07-25T10:28:58+00:00","article_modified_time":"2020-07-27T16:33:35+00:00","og_image":[{"width":1280,"height":917,"url":"https:\/\/garrods.es\/wp-content\/uploads\/2020\/07\/plaza-europa.jpg","type":"image\/jpeg"}],"author":"Flandecoco","twitter_card":"summary_large_image","twitter_misc":{"Escrit per":"Flandecoco","Temps estimat de lectura":"3 minuts"},"schema":{"@context":"https:\/\/schema.org","@graph":[{"@type":"Article","@id":"https:\/\/garrods.es\/alquiler-de-oficinas-en-placa-europa\/#article","isPartOf":{"@id":"https:\/\/garrods.es\/alquiler-de-oficinas-en-placa-europa\/"},"author":{"name":"Flandecoco","@id":"https:\/\/garrods.es\/#\/schema\/person\/b1c4c3a4f90b05cad70d6c7539807c5f"},"headline":"Lloguer d&#8217;oficines a Pla\u00e7a Europa","datePublished":"2020-07-25T10:28:58+00:00","dateModified":"2020-07-27T16:33:35+00:00","mainEntityOfPage":{"@id":"https:\/\/garrods.es\/alquiler-de-oficinas-en-placa-europa\/"},"wordCount":622,"image":{"@id":"https:\/\/garrods.es\/alquiler-de-oficinas-en-placa-europa\/#primaryimage"},"thumbnailUrl":"https:\/\/garrods.es\/wp-content\/uploads\/2020\/07\/plaza-europa.jpg","articleSection":["landing"],"inLanguage":"ca"},{"@type":"WebPage","@id":"https:\/\/garrods.es\/alquiler-de-oficinas-en-placa-europa\/","url":"https:\/\/garrods.es\/alquiler-de-oficinas-en-placa-europa\/","name":"Lloguer d'oficines a Pla\u00e7a Europa - Garrods Real Estate","isPartOf":{"@id":"https:\/\/garrods.es\/#website"},"primaryImageOfPage":{"@id":"https:\/\/garrods.es\/alquiler-de-oficinas-en-placa-europa\/#primaryimage"},"image":{"@id":"https:\/\/garrods.es\/alquiler-de-oficinas-en-placa-europa\/#primaryimage"},"thumbnailUrl":"https:\/\/garrods.es\/wp-content\/uploads\/2020\/07\/plaza-europa.jpg","datePublished":"2020-07-25T10:28:58+00:00","dateModified":"2020-07-27T16:33:35+00:00","author":{"@id":"https:\/\/garrods.es\/#\/schema\/person\/b1c4c3a4f90b05cad70d6c7539807c5f"},"breadcrumb":{"@id":"https:\/\/garrods.es\/alquiler-de-oficinas-en-placa-europa\/#breadcrumb"},"inLanguage":"ca","potentialAction":[{"@type":"ReadAction","target":["https:\/\/garrods.es\/alquiler-de-oficinas-en-placa-europa\/"]}]},{"@type":"ImageObject","inLanguage":"ca","@id":"https:\/\/garrods.es\/alquiler-de-oficinas-en-placa-europa\/#primaryimage","url":"https:\/\/garrods.es\/wp-content\/uploads\/2020\/07\/plaza-europa.jpg","contentUrl":"https:\/\/garrods.es\/wp-content\/uploads\/2020\/07\/plaza-europa.jpg","width":1280,"height":917},{"@type":"BreadcrumbList","@id":"https:\/\/garrods.es\/alquiler-de-oficinas-en-placa-europa\/#breadcrumb","itemListElement":[{"@type":"ListItem","position":1,"name":"Portada","item":"https:\/\/garrods.es\/ca\/"},{"@type":"ListItem","position":2,"name":"Lloguer d&#8217;oficines a Pla\u00e7a Europa"}]},{"@type":"WebSite","@id":"https:\/\/garrods.es\/#website","url":"https:\/\/garrods.es\/","name":"Garrods Real Estate","description":"Alquiler y venta de oficinas en Barcelona","potentialAction":[{"@type":"SearchAction","target":{"@type":"EntryPoint","urlTemplate":"https:\/\/garrods.es\/?s={search_term_string}"},"query-input":{"@type":"PropertyValueSpecification","valueRequired":true,"valueName":"search_term_string"}}],"inLanguage":"ca"},{"@type":"Person","@id":"https:\/\/garrods.es\/#\/schema\/person\/b1c4c3a4f90b05cad70d6c7539807c5f","name":"Flandecoco","image":{"@type":"ImageObject","inLanguage":"ca","@id":"https:\/\/secure.gravatar.com\/avatar\/0cc4509edd81fc2d2546b4d829884d6856ab1aac7eeb73fddf8c088f33e31583?s=96&d=mm&r=g","url":"https:\/\/secure.gravatar.com\/avatar\/0cc4509edd81fc2d2546b4d829884d6856ab1aac7eeb73fddf8c088f33e31583?s=96&d=mm&r=g","contentUrl":"https:\/\/secure.gravatar.com\/avatar\/0cc4509edd81fc2d2546b4d829884d6856ab1aac7eeb73fddf8c088f33e31583?s=96&d=mm&r=g","caption":"Flandecoco"},"url":"https:\/\/garrods.es\/ca\/author\/flandecoco\/"}]}},"_links":{"self":[{"href":"https:\/\/garrods.es\/ca\/wp-json\/wp\/v2\/posts\/50843","targetHints":{"allow":["GET"]}}],"collection":[{"href":"https:\/\/garrods.es\/ca\/wp-json\/wp\/v2\/posts"}],"about":[{"href":"https:\/\/garrods.es\/ca\/wp-json\/wp\/v2\/types\/post"}],"author":[{"embeddable":true,"href":"https:\/\/garrods.es\/ca\/wp-json\/wp\/v2\/users\/3"}],"replies":[{"embeddable":true,"href":"https:\/\/garrods.es\/ca\/wp-json\/wp\/v2\/comments?post=50843"}],"version-history":[{"count":0,"href":"https:\/\/garrods.es\/ca\/wp-json\/wp\/v2\/posts\/50843\/revisions"}],"wp:featuredmedia":[{"embeddable":true,"href":"https:\/\/garrods.es\/ca\/wp-json\/wp\/v2\/media\/50826"}],"wp:attachment":[{"href":"https:\/\/garrods.es\/ca\/wp-json\/wp\/v2\/media?parent=50843"}],"wp:term":[{"taxonomy":"category","embeddable":true,"href":"https:\/\/garrods.es\/ca\/wp-json\/wp\/v2\/categories?post=50843"},{"taxonomy":"post_tag","embeddable":true,"href":"https:\/\/garrods.es\/ca\/wp-json\/wp\/v2\/tags?post=50843"}],"curies":[{"name":"wp","href":"https:\/\/api.w.org\/{rel}","templated":true}]}}